{"id":275,"date":"2026-01-19T16:23:04","date_gmt":"2026-01-19T19:23:04","guid":{"rendered":"https:\/\/www.globalfermaquinas.com.br\/blog\/?p=275"},"modified":"2026-01-19T16:25:30","modified_gmt":"2026-01-19T19:25:30","slug":"por-que-utilizar-perfis-estruturais-em-projetos-de-engenharia","status":"publish","type":"post","link":"https:\/\/www.globalfermaquinas.com.br\/blog\/por-que-utilizar-perfis-estruturais-em-projetos-de-engenharia\/","title":{"rendered":"Por que utilizar perfis estruturais em projetos de engenharia?"},"content":{"rendered":"<span class=\"span-reading-time rt-reading-time\" style=\"display: block;\"><span class=\"rt-label rt-prefix\">Tempo de leitura: <\/span> <span class=\"rt-time\"> 3<\/span> <span class=\"rt-label rt-postfix\">minutos<\/span><\/span>\n<p class=\"has-medium-font-size\"><strong><em>Descubra por que os perfis estruturais em comp\u00f3sitos s\u00e3o a escolha ideal para engenharia de alto desempenho e conhe\u00e7a a tecnologia da Globalfer.<\/em><\/strong><\/p>\n\n\n\n<p>A escolha de materiais \u00e9 o pilar que sustenta a viabilidade econ\u00f4mica e a seguran\u00e7a de qualquer empreendimento industrial. No cen\u00e1rio atual, a busca por <strong>efici\u00eancia produtiva e durabilidade extrema<\/strong> tem levado engenheiros a questionar o uso de insumos convencionais.<\/p>\n\n\n\n<p>N\u00f3s observamos que a substitui\u00e7\u00e3o de materiais pesados por solu\u00e7\u00f5es inteligentes n\u00e3o \u00e9 apenas uma tend\u00eancia, mas uma necessidade competitiva. <strong>Os perfis estruturais em materiais comp\u00f3sitos surgem como a resposta definitiva<\/strong> para quem precisa de resist\u00eancia m\u00e1xima com o m\u00ednimo de peso.<\/p>\n\n\n\n<p>A seguir, exploramos como a engenharia de materiais evoluiu e por que a tecnologia por tr\u00e1s da fabrica\u00e7\u00e3o desses componentes \u00e9 o que define o sucesso de um projeto a longo prazo.<\/p>\n\n\n\n<div id=\"ez-toc-container\" class=\"ez-toc-v2_0_73 counter-hierarchy ez-toc-counter ez-toc-grey ez-toc-container-direction\">\n<div class=\"ez-toc-title-container\">\n<p class=\"ez-toc-title\" style=\"cursor:inherit\">O que abordaremos neste artigo:<\/p>\n<span class=\"ez-toc-title-toggle\"><a href=\"#\" class=\"ez-toc-pull-right ez-toc-btn ez-toc-btn-xs ez-toc-btn-default ez-toc-toggle\" aria-label=\"Alternar tabela de conte\u00fado\"><span class=\"ez-toc-js-icon-con\"><span class=\"\"><span class=\"eztoc-hide\" style=\"display:none;\">Toggle<\/span><span class=\"ez-toc-icon-toggle-span\"><svg style=\"fill: #999;color:#999\" xmlns=\"http:\/\/www.w3.org\/2000\/svg\" class=\"list-377408\" width=\"20px\" height=\"20px\" viewBox=\"0 0 24 24\" fill=\"none\"><path d=\"M6 6H4v2h2V6zm14 0H8v2h12V6zM4 11h2v2H4v-2zm16 0H8v2h12v-2zM4 16h2v2H4v-2zm16 0H8v2h12v-2z\" fill=\"currentColor\"><\/path><\/svg><svg style=\"fill: #999;color:#999\" class=\"arrow-unsorted-368013\" xmlns=\"http:\/\/www.w3.org\/2000\/svg\" width=\"10px\" height=\"10px\" viewBox=\"0 0 24 24\" version=\"1.2\" baseProfile=\"tiny\"><path d=\"M18.2 9.3l-6.2-6.3-6.2 6.3c-.2.2-.3.4-.3.7s.1.5.3.7c.2.2.4.3.7.3h11c.3 0 .5-.1.7-.3.2-.2.3-.5.3-.7s-.1-.5-.3-.7zM5.8 14.7l6.2 6.3 6.2-6.3c.2-.2.3-.5.3-.7s-.1-.5-.3-.7c-.2-.2-.4-.3-.7-.3h-11c-.3 0-.5.1-.7.3-.2.2-.3.5-.3.7s.1.5.3.7z\"\/><\/svg><\/span><\/span><\/span><\/a><\/span><\/div>\n<nav><ul class='ez-toc-list ez-toc-list-level-1 ' ><li class='ez-toc-page-1 ez-toc-heading-level-2'><a class=\"ez-toc-link ez-toc-heading-1\" href=\"https:\/\/www.globalfermaquinas.com.br\/blog\/por-que-utilizar-perfis-estruturais-em-projetos-de-engenharia\/#A_evolucao_da_engenharia_com_perfis_estruturais_em_compositos\" title=\"A evolu\u00e7\u00e3o da engenharia com perfis estruturais em comp\u00f3sitos\">A evolu\u00e7\u00e3o da engenharia com perfis estruturais em comp\u00f3sitos<\/a><\/li><li class='ez-toc-page-1 ez-toc-heading-level-2'><a class=\"ez-toc-link ez-toc-heading-2\" href=\"https:\/\/www.globalfermaquinas.com.br\/blog\/por-que-utilizar-perfis-estruturais-em-projetos-de-engenharia\/#Superioridade_tecnica_e_a_relacao_peso-potencia_dos_perfis_estruturais\" title=\"Superioridade t\u00e9cnica e a rela\u00e7\u00e3o peso-pot\u00eancia dos perfis estruturais\">Superioridade t\u00e9cnica e a rela\u00e7\u00e3o peso-pot\u00eancia dos perfis estruturais<\/a><\/li><li class='ez-toc-page-1 ez-toc-heading-level-2'><a class=\"ez-toc-link ez-toc-heading-3\" href=\"https:\/\/www.globalfermaquinas.com.br\/blog\/por-que-utilizar-perfis-estruturais-em-projetos-de-engenharia\/#Como_a_tecnologia_Globalfer_eleva_o_padrao_dos_perfis_estruturais\" title=\"Como a tecnologia Globalfer eleva o padr\u00e3o dos perfis estruturais\">Como a tecnologia Globalfer eleva o padr\u00e3o dos perfis estruturais<\/a><\/li><li class='ez-toc-page-1 ez-toc-heading-level-2'><a class=\"ez-toc-link ez-toc-heading-4\" href=\"https:\/\/www.globalfermaquinas.com.br\/blog\/por-que-utilizar-perfis-estruturais-em-projetos-de-engenharia\/#Inovacao_produtiva_para_fabricantes_e_gestores_industriais\" title=\"Inova\u00e7\u00e3o produtiva para fabricantes e gestores industriais\">Inova\u00e7\u00e3o produtiva para fabricantes e gestores industriais<\/a><\/li><li class='ez-toc-page-1 ez-toc-heading-level-2'><a class=\"ez-toc-link ez-toc-heading-5\" href=\"https:\/\/www.globalfermaquinas.com.br\/blog\/por-que-utilizar-perfis-estruturais-em-projetos-de-engenharia\/#Estruturas_que_vencem_o_tempo_com_inteligencia_e_precisao\" title=\"Estruturas que vencem o tempo com intelig\u00eancia e precis\u00e3o\">Estruturas que vencem o tempo com intelig\u00eancia e precis\u00e3o<\/a><\/li><\/ul><\/nav><\/div>\n<h2 class=\"wp-block-heading\"><span class=\"ez-toc-section\" id=\"A_evolucao_da_engenharia_com_perfis_estruturais_em_compositos\"><\/span><strong>A evolu\u00e7\u00e3o da engenharia com perfis estruturais em comp\u00f3sitos<\/strong><span class=\"ez-toc-section-end\"><\/span><\/h2>\n\n\n\n<p>A engenharia moderna exige materiais que entreguem performance onde o a\u00e7o e o alum\u00ednio falham, especialmente em ambientes corrosivos. <strong>Os perfis estruturais produzidos em PRFV (Pol\u00edmero Refor\u00e7ado com Fibra de Vidro) s\u00e3o imunes \u00e0 oxida\u00e7\u00e3o<\/strong>, garantindo uma vida \u00fatil drasticamente superior em ind\u00fastrias qu\u00edmicas e navais.<\/p>\n\n\n\n<p>Diferente dos metais, esses componentes n\u00e3o conduzem eletricidade e funcionam como isolantes t\u00e9rmicos naturais, aumentando a seguran\u00e7a operacional. <strong>A leveza dos comp\u00f3sitos permite uma log\u00edstica simplificada e montagens r\u00e1pidas<\/strong>, reduzindo custos de instala\u00e7\u00e3o e a necessidade de maquin\u00e1rio pesado no canteiro de obras.<\/p>\n\n\n\n<p>Al\u00e9m disso, a versatilidade do material permite que n\u00f3s entreguemos solu\u00e7\u00f5es sob medida para geometrias complexas. <strong>A estabilidade dimensional dos perfis garante que a estrutura n\u00e3o sofra deforma\u00e7\u00f5es<\/strong> sob varia\u00e7\u00f5es t\u00e9rmicas intensas, mantendo a integridade do projeto original por d\u00e9cadas.<\/p>\n\n\n\n<ul class=\"wp-block-list\">\n<li><a href=\"https:\/\/www.globalfermaquinas.com.br\/blog\/o-que-e-o-processo-de-pultrusao\/\">O que \u00e9 o Processo de Pultrus\u00e3o?<\/a><\/li>\n<\/ul>\n\n\n\n<h2 class=\"wp-block-heading\"><span class=\"ez-toc-section\" id=\"Superioridade_tecnica_e_a_relacao_peso-potencia_dos_perfis_estruturais\"><\/span><strong>Superioridade t\u00e9cnica e a rela\u00e7\u00e3o peso-pot\u00eancia dos perfis estruturais<\/strong><span class=\"ez-toc-section-end\"><\/span><\/h2>\n\n\n\n<p>Um dos conceitos mais cr\u00edticos para decisores t\u00e9cnicos \u00e9 a rela\u00e7\u00e3o peso-pot\u00eancia, onde o PRFV apresenta uma vantagem estrat\u00e9gica incompar\u00e1vel. <strong>Os perfis estruturais em comp\u00f3sitos possuem alta resist\u00eancia mec\u00e2nica com apenas um quarto do peso do a\u00e7o<\/strong>, otimizando o c\u00e1lculo estrutural de forma revolucion\u00e1ria.<\/p>\n\n\n\n<p>Essa leveza n\u00e3o compromete a rigidez; pelo contr\u00e1rio, a disposi\u00e7\u00e3o das fibras de vidro permite direcionar a resist\u00eancia para onde ela \u00e9 mais necess\u00e1ria. <strong>N\u00f3s projetamos a tecnologia de pultrus\u00e3o para alinhar as fibras perfeitamente<\/strong>, assegurando que o perfil final suporte tens\u00f5es de tra\u00e7\u00e3o e flex\u00e3o superiores aos padr\u00f5es de mercado.<\/p>\n\n\n\n<ul class=\"wp-block-list\">\n<li><strong>Resist\u00eancia qu\u00edmica:<\/strong> Suporta \u00e1cidos, bases e ambientes salinos sem degrada\u00e7\u00e3o.<\/li>\n\n\n\n<li><strong>Baixa manuten\u00e7\u00e3o:<\/strong> Elimina a necessidade de pinturas protetivas ou tratamentos galv\u00e2nicos constantes.<\/li>\n\n\n\n<li><strong>Transpar\u00eancia eletromagn\u00e9tica:<\/strong> Ideal para setores de telecomunica\u00e7\u00f5es e radares, onde metais causariam interfer\u00eancia.<\/li>\n<\/ul>\n\n\n\n<h2 class=\"wp-block-heading\"><span class=\"ez-toc-section\" id=\"Como_a_tecnologia_Globalfer_eleva_o_padrao_dos_perfis_estruturais\"><\/span><strong>Como a tecnologia Globalfer eleva o padr\u00e3o dos perfis estruturais<\/strong><span class=\"ez-toc-section-end\"><\/span><\/h2>\n\n\n\n<p>A qualidade de um perfil estrutural n\u00e3o depende apenas da mat\u00e9ria-prima, mas da precis\u00e3o absoluta no processo de fabrica\u00e7\u00e3o por pultrus\u00e3o. <strong>Nossas m\u00e1quinas de pultrus\u00e3o s\u00e3o desenvolvidas para garantir a uniformidade total<\/strong> da se\u00e7\u00e3o transversal, evitando bolhas de ar ou falhas na impregna\u00e7\u00e3o da resina.<\/p>\n\n\n\n<p>Na Globalfer, focamos na engenharia de precis\u00e3o para que a tra\u00e7\u00e3o aplicada durante o processo seja constante e controlada. <strong>O sistema de tra\u00e7\u00e3o cont\u00ednua da Globalfer evita microfissuras internas<\/strong>, garantindo que o perfil mantenha suas propriedades mec\u00e2nicas intactas ao longo de toda a sua extens\u00e3o.<\/p>\n\n\n\n<p>Outro fator determinante \u00e9 a cura t\u00e9rmica, realizada dentro de moldes aquecidos com precis\u00e3o milim\u00e9trica. <strong>Nossa tecnologia de controle t\u00e9rmico assegura que a polimeriza\u00e7\u00e3o seja completa<\/strong>, resultando em um material homog\u00eaneo que atende \u00e0s normas t\u00e9cnicas mais rigorosas do setor industrial e da constru\u00e7\u00e3o civil.<\/p>\n\n\n\n<ul class=\"wp-block-list\">\n<li><a href=\"https:\/\/www.globalfermaquinas.com.br\/blog\/equipamentos-industriais-para-pultrusao-saiba-onde-encontrar-as-melhores-opcoes\/\">Equipamentos industriais para pultrus\u00e3o: saiba onde encontrar as melhores op\u00e7\u00f5es<\/a><\/li>\n<\/ul>\n\n\n\n<h2 class=\"wp-block-heading\"><span class=\"ez-toc-section\" id=\"Inovacao_produtiva_para_fabricantes_e_gestores_industriais\"><\/span><strong>Inova\u00e7\u00e3o produtiva para fabricantes e gestores industriais<\/strong><span class=\"ez-toc-section-end\"><\/span><\/h2>\n\n\n\n<p>Para gestores que buscam inova\u00e7\u00e3o, investir em equipamentos de ponta \u00e9 o caminho para dominar o mercado de comp\u00f3sitos. <strong>As m\u00e1quinas da Globalfer permitem uma produ\u00e7\u00e3o em larga escala com baixo desperd\u00edcio<\/strong>, transformando resinas e fibras em perfis estruturais de alto valor agregado com m\u00e1xima efici\u00eancia.<\/p>\n\n\n\n<p>N\u00f3s oferecemos suporte t\u00e9cnico especializado para que sua linha de produ\u00e7\u00e3o opere com o m\u00e1ximo rendimento e confiabilidade. <strong>Nossas solu\u00e7\u00f5es em pultrus\u00e3o s\u00e3o robustas e intuitivas<\/strong>, facilitando a opera\u00e7\u00e3o e garantindo que o produto final entregue a durabilidade que seus clientes exigem.<\/p>\n\n\n\n<p>Ao adotar a tecnologia Globalfer, sua empresa se posiciona na vanguarda da engenharia de materiais, oferecendo produtos que resolvem gargalos hist\u00f3ricos de corros\u00e3o e peso. <strong>N\u00f3s unimos tradi\u00e7\u00e3o mec\u00e2nica com inova\u00e7\u00e3o qu\u00edmica<\/strong> para fornecer as ferramentas necess\u00e1rias para a cria\u00e7\u00e3o de infraestruturas resilientes e modernas.<\/p>\n\n\n\n<ul class=\"wp-block-list\">\n<li><a href=\"https:\/\/www.globalfermaquinas.com.br\/blog\/batedores-de-resina-o-que-sao-e-quais-suas-aplicacoes\/\">Batedores de resina: o que s\u00e3o e quais suas aplica\u00e7\u00f5es?<\/a><\/li>\n<\/ul>\n\n\n\n<h2 class=\"wp-block-heading\"><span class=\"ez-toc-section\" id=\"Estruturas_que_vencem_o_tempo_com_inteligencia_e_precisao\"><\/span><strong>Estruturas que vencem o tempo com intelig\u00eancia e precis\u00e3o<\/strong><span class=\"ez-toc-section-end\"><\/span><\/h2>\n\n\n\n<p>Optar por perfis estruturais em comp\u00f3sitos \u00e9 uma decis\u00e3o estrat\u00e9gica que une economia, seguran\u00e7a e desempenho t\u00e9cnico superior. Ao longo deste artigo, vimos como a substitui\u00e7\u00e3o dos metais por PRFV elimina custos de manuten\u00e7\u00e3o e otimiza a execu\u00e7\u00e3o de projetos complexos em diversos setores.<\/p>\n\n\n\n<p>A precis\u00e3o garantida pela tecnologia de pultrus\u00e3o da Globalfer \u00e9 o que assegura que esses benef\u00edcios se traduzam em resultados reais no campo. <strong>N\u00f3s estamos comprometidos em fornecer m\u00e1quinas que transformam o futuro da engenharia<\/strong>, elevando o padr\u00e3o de qualidade da ind\u00fastria brasileira de comp\u00f3sitos.<\/p>\n\n\n\n<p>Quer elevar o n\u00edvel tecnol\u00f3gico da sua produ\u00e7\u00e3o ou implementar solu\u00e7\u00f5es mais dur\u00e1veis em seus projetos?<a href=\"https:\/\/www.globalfermaquinas.com.br\/\"> <strong>Visite o site da Globalfer<\/strong><\/a><strong> e conhe\u00e7a nossas m\u00e1quinas de pultrus\u00e3o<\/strong> que definem o novo padr\u00e3o de excel\u00eancia em perfis estruturais.<\/p>\n","protected":false},"excerpt":{"rendered":"<p><span class=\"span-reading-time rt-reading-time\" style=\"display: block;\"><span class=\"rt-label rt-prefix\">Tempo de leitura: <\/span> <span class=\"rt-time\"> 3<\/span> <span class=\"rt-label rt-postfix\">minutos<\/span><\/span>Descubra por que os perfis estruturais em comp\u00f3sitos s\u00e3o a escolha ideal para engenharia de alto desempenho e conhe\u00e7a a tecnologia da Globalfer. A escolha de materiais \u00e9 o pilar que sustenta a viabilidade econ\u00f4mica e a seguran\u00e7a de qualquer empreendimento industrial. No cen\u00e1rio atual, a busca por efici\u00eancia produtiva e durabilidade extrema tem levado &hellip; <\/p>\n","protected":false},"author":1,"featured_media":249,"comment_status":"open","ping_status":"open","sticky":false,"template":"","format":"standard","meta":{"footnotes":""},"categories":[4],"tags":[423,1439,425,1441,777,1440,1471,1472,1474,1485,779,1487,1483,1486,1484,433,431,1488,1482,1481,947,944,1475,1473,1480,1477,1478,1476,1479,778,1470,445,429,447,1443,1446,1451,1462,1466,1468,1463,1467,1465,1447,1442,1469,1464,1460,1450,1458,1454,1452,1461,1457,1455,1456,1459,1453,1444,1448,1445,1449],"class_list":["post-275","post","type-post","status-publish","format-standard","has-post-thumbnail","hentry","category-maquina-de-pultrusao","tag-fabrica-de-maquina-de-pultrusao-hidraulica","tag-fabrica-de-maquina-de-pultrusao-industrial","tag-fabricante-de-maquina-de-pultrusao-hidraulica","tag-fabricante-de-maquina-de-pultrusao-industrial","tag-fornecedor-de-maquina-de-pultrusao-hidraulica","tag-fornecedor-de-maquina-de-pultrusao-industrial","tag-maquina-de-pultrusao-hidraulica-comprar","tag-maquina-de-pultrusao-hidraulica-direto-da-fabrica","tag-maquina-de-pultrusao-hidraulica-em-cidade-martins","tag-maquina-de-pultrusao-hidraulica-em-diadema","tag-maquina-de-pultrusao-hidraulica-em-guarulhos","tag-maquina-de-pultrusao-hidraulica-em-osasco","tag-maquina-de-pultrusao-hidraulica-em-santo-andre","tag-maquina-de-pultrusao-hidraulica-em-sao-bernardo","tag-maquina-de-pultrusao-hidraulica-em-sao-caetano","tag-maquina-de-pultrusao-hidraulica-em-sao-paulo","tag-maquina-de-pultrusao-hidraulica-em-sp","tag-maquina-de-pultrusao-hidraulica-na-baixada-santista","tag-maquina-de-pultrusao-hidraulica-na-vila-barros","tag-maquina-de-pultrusao-hidraulica-na-vila-rio-de-janeiro","tag-maquina-de-pultrusao-hidraulica-na-zona-leste","tag-maquina-de-pultrusao-hidraulica-na-zona-norte","tag-maquina-de-pultrusao-hidraulica-na-zona-oeste","tag-maquina-de-pultrusao-hidraulica-na-zona-sul","tag-maquina-de-pultrusao-hidraulica-no-abc","tag-maquina-de-pultrusao-hidraulica-no-centro","tag-maquina-de-pultrusao-hidraulica-no-jadim-bela-vista","tag-maquina-de-pultrusao-hidraulica-no-jardim-adriana","tag-maquina-de-pultrusao-hidraulica-no-jardim-santa-ines","tag-maquina-de-pultrusao-hidraulica-no-taboao","tag-maquina-de-pultrusao-hidraulica-onde-encontrar","tag-maquina-de-pultrusao-hidraulica-perto-de-mim","tag-maquina-de-pultrusao-hidraulica-preco","tag-maquina-de-pultrusao-hidraulica-proximo-a-mim","tag-maquina-de-pultrusao-industrial-comprar","tag-maquina-de-pultrusao-industrial-direto-da-fabrica","tag-maquina-de-pultrusao-industrial-em-cidade-martins","tag-maquina-de-pultrusao-industrial-em-diadema","tag-maquina-de-pultrusao-industrial-em-guarulhos","tag-maquina-de-pultrusao-industrial-em-osasco","tag-maquina-de-pultrusao-industrial-em-santo-andre","tag-maquina-de-pultrusao-industrial-em-sao-bernardo","tag-maquina-de-pultrusao-industrial-em-sao-caetano","tag-maquina-de-pultrusao-industrial-em-sao-paulo","tag-maquina-de-pultrusao-industrial-em-sp","tag-maquina-de-pultrusao-industrial-na-baixada-santista","tag-maquina-de-pultrusao-industrial-na-vila-barros","tag-maquina-de-pultrusao-industrial-na-vila-rio-de-janeiro","tag-maquina-de-pultrusao-industrial-na-zona-leste","tag-maquina-de-pultrusao-industrial-na-zona-norte","tag-maquina-de-pultrusao-industrial-na-zona-oeste","tag-maquina-de-pultrusao-industrial-na-zona-sul","tag-maquina-de-pultrusao-industrial-no-abc","tag-maquina-de-pultrusao-industrial-no-centro","tag-maquina-de-pultrusao-industrial-no-jadim-bela-vista","tag-maquina-de-pultrusao-industrial-no-jardim-adriana","tag-maquina-de-pultrusao-industrial-no-jardim-santa-ines","tag-maquina-de-pultrusao-industrial-no-taboao","tag-maquina-de-pultrusao-industrial-onde-encontrar","tag-maquina-de-pultrusao-industrial-perto-de-mim","tag-maquina-de-pultrusao-industrial-preco","tag-maquina-de-pultrusao-industrial-proximo-a-mim","latest_post"],"yoast_head":"<!-- This site is optimized with the Yoast SEO plugin v25.0 - https:\/\/yoast.com\/wordpress\/plugins\/seo\/ -->\n<title>Por que utilizar perfis estruturais em projetos de engenharia?<\/title>\n<meta name=\"description\" content=\"Descubra por que os perfis estruturais em comp\u00f3sitos s\u00e3o a escolha ideal para engenharia de alto desempenho e conhe\u00e7a a tecnologia da Globalfer.\" \/>\n<meta name=\"robots\" content=\"index, follow, max-snippet:-1, max-image-preview:large, max-video-preview:-1\" \/>\n<link rel=\"canonical\" href=\"https:\/\/www.globalfermaquinas.com.br\/blog\/por-que-utilizar-perfis-estruturais-em-projetos-de-engenharia\/\" \/>\n<meta property=\"og:locale\" content=\"pt_BR\" \/>\n<meta property=\"og:type\" content=\"article\" \/>\n<meta property=\"og:title\" content=\"Por que utilizar perfis estruturais em projetos de engenharia?\" \/>\n<meta property=\"og:description\" content=\"Descubra por que os perfis estruturais em comp\u00f3sitos s\u00e3o a escolha ideal para engenharia de alto desempenho e conhe\u00e7a a tecnologia da Globalfer.\" \/>\n<meta property=\"og:url\" content=\"https:\/\/www.globalfermaquinas.com.br\/blog\/por-que-utilizar-perfis-estruturais-em-projetos-de-engenharia\/\" \/>\n<meta property=\"og:site_name\" content=\"Blog Globalfer Maquinas\" \/>\n<meta property=\"article:published_time\" content=\"2026-01-19T19:23:04+00:00\" \/>\n<meta property=\"article:modified_time\" content=\"2026-01-19T19:25:30+00:00\" \/>\n<meta property=\"og:image\" content=\"https:\/\/www.globalfermaquinas.com.br\/blog\/wp-content\/uploads\/2025\/06\/1maquina-mph-15t.jpg\" \/>\n\t<meta property=\"og:image:width\" content=\"1152\" \/>\n\t<meta property=\"og:image:height\" content=\"890\" \/>\n\t<meta property=\"og:image:type\" content=\"image\/jpeg\" \/>\n<meta name=\"author\" content=\"admin\" \/>\n<meta name=\"twitter:card\" content=\"summary_large_image\" \/>\n<meta name=\"twitter:label1\" content=\"Escrito por\" \/>\n\t<meta name=\"twitter:data1\" content=\"admin\" \/>\n\t<meta name=\"twitter:label2\" content=\"Est. tempo de leitura\" \/>\n\t<meta name=\"twitter:data2\" content=\"6 minutos\" \/>\n<script type=\"application\/ld+json\" class=\"yoast-schema-graph\">{\"@context\":\"https:\/\/schema.org\",\"@graph\":[{\"@type\":\"Article\",\"@id\":\"https:\/\/www.globalfermaquinas.com.br\/blog\/por-que-utilizar-perfis-estruturais-em-projetos-de-engenharia\/#article\",\"isPartOf\":{\"@id\":\"https:\/\/www.globalfermaquinas.com.br\/blog\/por-que-utilizar-perfis-estruturais-em-projetos-de-engenharia\/\"},\"author\":{\"name\":\"admin\",\"@id\":\"https:\/\/www.globalfermaquinas.com.br\/blog\/#\/schema\/person\/4436a99459467d9244f09fe6ee1ed261\"},\"headline\":\"Por que utilizar perfis estruturais em projetos de engenharia?\",\"datePublished\":\"2026-01-19T19:23:04+00:00\",\"dateModified\":\"2026-01-19T19:25:30+00:00\",\"mainEntityOfPage\":{\"@id\":\"https:\/\/www.globalfermaquinas.com.br\/blog\/por-que-utilizar-perfis-estruturais-em-projetos-de-engenharia\/\"},\"wordCount\":1021,\"commentCount\":0,\"publisher\":{\"@id\":\"https:\/\/www.globalfermaquinas.com.br\/blog\/#organization\"},\"image\":{\"@id\":\"https:\/\/www.globalfermaquinas.com.br\/blog\/por-que-utilizar-perfis-estruturais-em-projetos-de-engenharia\/#primaryimage\"},\"thumbnailUrl\":\"https:\/\/www.globalfermaquinas.com.br\/blog\/wp-content\/uploads\/2025\/06\/1maquina-mph-15t.jpg\",\"keywords\":[\"f\u00e1brica de m\u00e1quina de pultrus\u00e3o hidr\u00e1ulica\",\"f\u00e1brica de m\u00e1quina de pultrus\u00e3o industrial\",\"fabricante de m\u00e1quina de pultrus\u00e3o hidr\u00e1ulica\",\"fabricante de m\u00e1quina de pultrus\u00e3o industrial\",\"fornecedor de m\u00e1quina de pultrus\u00e3o hidr\u00e1ulica\",\"fornecedor de m\u00e1quina de pultrus\u00e3o industrial\",\"m\u00e1quina de pultrus\u00e3o hidr\u00e1ulica comprar\",\"m\u00e1quina de pultrus\u00e3o hidr\u00e1ulica direto da fabrica\",\"m\u00e1quina de pultrus\u00e3o hidr\u00e1ulica em Cidade Martins\",\"m\u00e1quina de pultrus\u00e3o hidr\u00e1ulica em Diadema\",\"m\u00e1quina de pultrus\u00e3o hidr\u00e1ulica em Guarulhos\",\"m\u00e1quina de pultrus\u00e3o hidr\u00e1ulica em Osasco\",\"m\u00e1quina de pultrus\u00e3o hidr\u00e1ulica em Santo Andr\u00e9\",\"m\u00e1quina de pultrus\u00e3o hidr\u00e1ulica em S\u00e3o Bernardo\",\"m\u00e1quina de pultrus\u00e3o hidr\u00e1ulica em S\u00e3o Caetano\",\"m\u00e1quina de pultrus\u00e3o hidr\u00e1ulica em s\u00e3o paulo\",\"m\u00e1quina de pultrus\u00e3o hidr\u00e1ulica em sp\",\"m\u00e1quina de pultrus\u00e3o hidr\u00e1ulica na baixada santista\",\"m\u00e1quina de pultrus\u00e3o hidr\u00e1ulica na Vila Barros\",\"m\u00e1quina de pultrus\u00e3o hidr\u00e1ulica na Vila Rio de Janeiro\",\"m\u00e1quina de pultrus\u00e3o hidr\u00e1ulica na zona leste\",\"m\u00e1quina de pultrus\u00e3o hidr\u00e1ulica na zona norte\",\"m\u00e1quina de pultrus\u00e3o hidr\u00e1ulica na zona oeste\",\"m\u00e1quina de pultrus\u00e3o hidr\u00e1ulica na zona sul\",\"m\u00e1quina de pultrus\u00e3o hidr\u00e1ulica no ABC\",\"m\u00e1quina de pultrus\u00e3o hidr\u00e1ulica no centro\",\"m\u00e1quina de pultrus\u00e3o hidr\u00e1ulica no Jadim Bela Vista\",\"m\u00e1quina de pultrus\u00e3o hidr\u00e1ulica no Jardim Adriana\",\"m\u00e1quina de pultrus\u00e3o hidr\u00e1ulica no Jardim Santa Ines\",\"m\u00e1quina de pultrus\u00e3o hidr\u00e1ulica no Tabo\u00e3o\",\"m\u00e1quina de pultrus\u00e3o hidr\u00e1ulica onde encontrar\",\"m\u00e1quina de pultrus\u00e3o hidr\u00e1ulica perto de mim\",\"m\u00e1quina de pultrus\u00e3o hidr\u00e1ulica pre\u00e7o\",\"m\u00e1quina de pultrus\u00e3o hidr\u00e1ulica pr\u00f3ximo a mim\",\"m\u00e1quina de pultrus\u00e3o industrial comprar\",\"m\u00e1quina de pultrus\u00e3o industrial direto da fabrica\",\"m\u00e1quina de pultrus\u00e3o industrial em Cidade Martins\",\"m\u00e1quina de pultrus\u00e3o industrial em Diadema\",\"m\u00e1quina de pultrus\u00e3o industrial em Guarulhos\",\"m\u00e1quina de pultrus\u00e3o industrial em Osasco\",\"m\u00e1quina de pultrus\u00e3o industrial em Santo Andr\u00e9\",\"m\u00e1quina de pultrus\u00e3o industrial em S\u00e3o Bernardo\",\"m\u00e1quina de pultrus\u00e3o industrial em S\u00e3o Caetano\",\"m\u00e1quina de pultrus\u00e3o industrial em s\u00e3o paulo\",\"m\u00e1quina de pultrus\u00e3o industrial em sp\",\"m\u00e1quina de pultrus\u00e3o industrial na baixada santista\",\"m\u00e1quina de pultrus\u00e3o industrial na Vila Barros\",\"m\u00e1quina de pultrus\u00e3o industrial na Vila Rio de Janeiro\",\"m\u00e1quina de pultrus\u00e3o industrial na zona leste\",\"m\u00e1quina de pultrus\u00e3o industrial na zona norte\",\"m\u00e1quina de pultrus\u00e3o industrial na zona oeste\",\"m\u00e1quina de pultrus\u00e3o industrial na zona sul\",\"m\u00e1quina de pultrus\u00e3o industrial no ABC\",\"m\u00e1quina de pultrus\u00e3o industrial no centro\",\"m\u00e1quina de pultrus\u00e3o industrial no Jadim Bela Vista\",\"m\u00e1quina de pultrus\u00e3o industrial no Jardim Adriana\",\"m\u00e1quina de pultrus\u00e3o industrial no Jardim Santa Ines\",\"m\u00e1quina de pultrus\u00e3o industrial no Tabo\u00e3o\",\"m\u00e1quina de pultrus\u00e3o industrial onde encontrar\",\"m\u00e1quina de pultrus\u00e3o industrial perto de mim\",\"m\u00e1quina de pultrus\u00e3o industrial pre\u00e7o\",\"m\u00e1quina de pultrus\u00e3o industrial pr\u00f3ximo a mim\"],\"articleSection\":[\"M\u00e1quina de Pultrus\u00e3o\"],\"inLanguage\":\"pt-BR\",\"potentialAction\":[{\"@type\":\"CommentAction\",\"name\":\"Comment\",\"target\":[\"https:\/\/www.globalfermaquinas.com.br\/blog\/por-que-utilizar-perfis-estruturais-em-projetos-de-engenharia\/#respond\"]}]},{\"@type\":\"WebPage\",\"@id\":\"https:\/\/www.globalfermaquinas.com.br\/blog\/por-que-utilizar-perfis-estruturais-em-projetos-de-engenharia\/\",\"url\":\"https:\/\/www.globalfermaquinas.com.br\/blog\/por-que-utilizar-perfis-estruturais-em-projetos-de-engenharia\/\",\"name\":\"Por que utilizar perfis estruturais em projetos de engenharia?\",\"isPartOf\":{\"@id\":\"https:\/\/www.globalfermaquinas.com.br\/blog\/#website\"},\"primaryImageOfPage\":{\"@id\":\"https:\/\/www.globalfermaquinas.com.br\/blog\/por-que-utilizar-perfis-estruturais-em-projetos-de-engenharia\/#primaryimage\"},\"image\":{\"@id\":\"https:\/\/www.globalfermaquinas.com.br\/blog\/por-que-utilizar-perfis-estruturais-em-projetos-de-engenharia\/#primaryimage\"},\"thumbnailUrl\":\"https:\/\/www.globalfermaquinas.com.br\/blog\/wp-content\/uploads\/2025\/06\/1maquina-mph-15t.jpg\",\"datePublished\":\"2026-01-19T19:23:04+00:00\",\"dateModified\":\"2026-01-19T19:25:30+00:00\",\"description\":\"Descubra por que os perfis estruturais em comp\u00f3sitos s\u00e3o a escolha ideal para engenharia de alto desempenho e conhe\u00e7a a tecnologia da Globalfer.\",\"breadcrumb\":{\"@id\":\"https:\/\/www.globalfermaquinas.com.br\/blog\/por-que-utilizar-perfis-estruturais-em-projetos-de-engenharia\/#breadcrumb\"},\"inLanguage\":\"pt-BR\",\"potentialAction\":[{\"@type\":\"ReadAction\",\"target\":[\"https:\/\/www.globalfermaquinas.com.br\/blog\/por-que-utilizar-perfis-estruturais-em-projetos-de-engenharia\/\"]}]},{\"@type\":\"ImageObject\",\"inLanguage\":\"pt-BR\",\"@id\":\"https:\/\/www.globalfermaquinas.com.br\/blog\/por-que-utilizar-perfis-estruturais-em-projetos-de-engenharia\/#primaryimage\",\"url\":\"https:\/\/www.globalfermaquinas.com.br\/blog\/wp-content\/uploads\/2025\/06\/1maquina-mph-15t.jpg\",\"contentUrl\":\"https:\/\/www.globalfermaquinas.com.br\/blog\/wp-content\/uploads\/2025\/06\/1maquina-mph-15t.jpg\",\"width\":1152,\"height\":890,\"caption\":\"Por que utilizar perfis estruturais em projetos de engenharia?\"},{\"@type\":\"BreadcrumbList\",\"@id\":\"https:\/\/www.globalfermaquinas.com.br\/blog\/por-que-utilizar-perfis-estruturais-em-projetos-de-engenharia\/#breadcrumb\",\"itemListElement\":[{\"@type\":\"ListItem\",\"position\":1,\"name\":\"In\u00edcio\",\"item\":\"https:\/\/www.globalfermaquinas.com.br\/blog\/\"},{\"@type\":\"ListItem\",\"position\":2,\"name\":\"Por que utilizar perfis estruturais em projetos de engenharia?\"}]},{\"@type\":\"WebSite\",\"@id\":\"https:\/\/www.globalfermaquinas.com.br\/blog\/#website\",\"url\":\"https:\/\/www.globalfermaquinas.com.br\/blog\/\",\"name\":\"Blog Globalfer Maquinas\",\"description\":\"Fabrica\u00e7\u00e3o de equipamentos industriais para pultrus\u00e3o\",\"publisher\":{\"@id\":\"https:\/\/www.globalfermaquinas.com.br\/blog\/#organization\"},\"potentialAction\":[{\"@type\":\"SearchAction\",\"target\":{\"@type\":\"EntryPoint\",\"urlTemplate\":\"https:\/\/www.globalfermaquinas.com.br\/blog\/?s={search_term_string}\"},\"query-input\":{\"@type\":\"PropertyValueSpecification\",\"valueRequired\":true,\"valueName\":\"search_term_string\"}}],\"inLanguage\":\"pt-BR\"},{\"@type\":\"Organization\",\"@id\":\"https:\/\/www.globalfermaquinas.com.br\/blog\/#organization\",\"name\":\"Blog Globalfer Maquinas\",\"url\":\"https:\/\/www.globalfermaquinas.com.br\/blog\/\",\"logo\":{\"@type\":\"ImageObject\",\"inLanguage\":\"pt-BR\",\"@id\":\"https:\/\/www.globalfermaquinas.com.br\/blog\/#\/schema\/logo\/image\/\",\"url\":\"https:\/\/www.globalfermaquinas.com.br\/blog\/wp-content\/uploads\/2024\/07\/imagem_2024-07-30_123036437.png\",\"contentUrl\":\"https:\/\/www.globalfermaquinas.com.br\/blog\/wp-content\/uploads\/2024\/07\/imagem_2024-07-30_123036437.png\",\"width\":301,\"height\":84,\"caption\":\"Blog Globalfer Maquinas\"},\"image\":{\"@id\":\"https:\/\/www.globalfermaquinas.com.br\/blog\/#\/schema\/logo\/image\/\"}},{\"@type\":\"Person\",\"@id\":\"https:\/\/www.globalfermaquinas.com.br\/blog\/#\/schema\/person\/4436a99459467d9244f09fe6ee1ed261\",\"name\":\"admin\",\"image\":{\"@type\":\"ImageObject\",\"inLanguage\":\"pt-BR\",\"@id\":\"https:\/\/www.globalfermaquinas.com.br\/blog\/#\/schema\/person\/image\/\",\"url\":\"https:\/\/secure.gravatar.com\/avatar\/f3273dd18d95bc19d51d3e6356e4a679e6f13824497272a270e7bb540b0abb9d?s=96&d=mm&r=g\",\"contentUrl\":\"https:\/\/secure.gravatar.com\/avatar\/f3273dd18d95bc19d51d3e6356e4a679e6f13824497272a270e7bb540b0abb9d?s=96&d=mm&r=g\",\"caption\":\"admin\"},\"sameAs\":[\"https:\/\/www.globalfermaquinas.com.br\/blog\"],\"url\":\"https:\/\/www.globalfermaquinas.com.br\/blog\/author\/admin\/\"}]}<\/script>\n<!-- \/ Yoast SEO plugin. -->","yoast_head_json":{"title":"Por que utilizar perfis estruturais em projetos de engenharia?","description":"Descubra por que os perfis estruturais em comp\u00f3sitos s\u00e3o a escolha ideal para engenharia de alto desempenho e conhe\u00e7a a tecnologia da Globalfer.","robots":{"index":"index","follow":"follow","max-snippet":"max-snippet:-1","max-image-preview":"max-image-preview:large","max-video-preview":"max-video-preview:-1"},"canonical":"https:\/\/www.globalfermaquinas.com.br\/blog\/por-que-utilizar-perfis-estruturais-em-projetos-de-engenharia\/","og_locale":"pt_BR","og_type":"article","og_title":"Por que utilizar perfis estruturais em projetos de engenharia?","og_description":"Descubra por que os perfis estruturais em comp\u00f3sitos s\u00e3o a escolha ideal para engenharia de alto desempenho e conhe\u00e7a a tecnologia da Globalfer.","og_url":"https:\/\/www.globalfermaquinas.com.br\/blog\/por-que-utilizar-perfis-estruturais-em-projetos-de-engenharia\/","og_site_name":"Blog Globalfer Maquinas","article_published_time":"2026-01-19T19:23:04+00:00","article_modified_time":"2026-01-19T19:25:30+00:00","og_image":[{"width":1152,"height":890,"url":"https:\/\/www.globalfermaquinas.com.br\/blog\/wp-content\/uploads\/2025\/06\/1maquina-mph-15t.jpg","type":"image\/jpeg"}],"author":"admin","twitter_card":"summary_large_image","twitter_misc":{"Escrito por":"admin","Est. tempo de leitura":"6 minutos"},"schema":{"@context":"https:\/\/schema.org","@graph":[{"@type":"Article","@id":"https:\/\/www.globalfermaquinas.com.br\/blog\/por-que-utilizar-perfis-estruturais-em-projetos-de-engenharia\/#article","isPartOf":{"@id":"https:\/\/www.globalfermaquinas.com.br\/blog\/por-que-utilizar-perfis-estruturais-em-projetos-de-engenharia\/"},"author":{"name":"admin","@id":"https:\/\/www.globalfermaquinas.com.br\/blog\/#\/schema\/person\/4436a99459467d9244f09fe6ee1ed261"},"headline":"Por que utilizar perfis estruturais em projetos de engenharia?","datePublished":"2026-01-19T19:23:04+00:00","dateModified":"2026-01-19T19:25:30+00:00","mainEntityOfPage":{"@id":"https:\/\/www.globalfermaquinas.com.br\/blog\/por-que-utilizar-perfis-estruturais-em-projetos-de-engenharia\/"},"wordCount":1021,"commentCount":0,"publisher":{"@id":"https:\/\/www.globalfermaquinas.com.br\/blog\/#organization"},"image":{"@id":"https:\/\/www.globalfermaquinas.com.br\/blog\/por-que-utilizar-perfis-estruturais-em-projetos-de-engenharia\/#primaryimage"},"thumbnailUrl":"https:\/\/www.globalfermaquinas.com.br\/blog\/wp-content\/uploads\/2025\/06\/1maquina-mph-15t.jpg","keywords":["f\u00e1brica de m\u00e1quina de pultrus\u00e3o hidr\u00e1ulica","f\u00e1brica de m\u00e1quina de pultrus\u00e3o industrial","fabricante de m\u00e1quina de pultrus\u00e3o hidr\u00e1ulica","fabricante de m\u00e1quina de pultrus\u00e3o industrial","fornecedor de m\u00e1quina de pultrus\u00e3o hidr\u00e1ulica","fornecedor de m\u00e1quina de pultrus\u00e3o industrial","m\u00e1quina de pultrus\u00e3o hidr\u00e1ulica comprar","m\u00e1quina de pultrus\u00e3o hidr\u00e1ulica direto da fabrica","m\u00e1quina de pultrus\u00e3o hidr\u00e1ulica em Cidade Martins","m\u00e1quina de pultrus\u00e3o hidr\u00e1ulica em Diadema","m\u00e1quina de pultrus\u00e3o hidr\u00e1ulica em Guarulhos","m\u00e1quina de pultrus\u00e3o hidr\u00e1ulica em Osasco","m\u00e1quina de pultrus\u00e3o hidr\u00e1ulica em Santo Andr\u00e9","m\u00e1quina de pultrus\u00e3o hidr\u00e1ulica em S\u00e3o Bernardo","m\u00e1quina de pultrus\u00e3o hidr\u00e1ulica em S\u00e3o Caetano","m\u00e1quina de pultrus\u00e3o hidr\u00e1ulica em s\u00e3o paulo","m\u00e1quina de pultrus\u00e3o hidr\u00e1ulica em sp","m\u00e1quina de pultrus\u00e3o hidr\u00e1ulica na baixada santista","m\u00e1quina de pultrus\u00e3o hidr\u00e1ulica na Vila Barros","m\u00e1quina de pultrus\u00e3o hidr\u00e1ulica na Vila Rio de Janeiro","m\u00e1quina de pultrus\u00e3o hidr\u00e1ulica na zona leste","m\u00e1quina de pultrus\u00e3o hidr\u00e1ulica na zona norte","m\u00e1quina de pultrus\u00e3o hidr\u00e1ulica na zona oeste","m\u00e1quina de pultrus\u00e3o hidr\u00e1ulica na zona sul","m\u00e1quina de pultrus\u00e3o hidr\u00e1ulica no ABC","m\u00e1quina de pultrus\u00e3o hidr\u00e1ulica no centro","m\u00e1quina de pultrus\u00e3o hidr\u00e1ulica no Jadim Bela Vista","m\u00e1quina de pultrus\u00e3o hidr\u00e1ulica no Jardim Adriana","m\u00e1quina de pultrus\u00e3o hidr\u00e1ulica no Jardim Santa Ines","m\u00e1quina de pultrus\u00e3o hidr\u00e1ulica no Tabo\u00e3o","m\u00e1quina de pultrus\u00e3o hidr\u00e1ulica onde encontrar","m\u00e1quina de pultrus\u00e3o hidr\u00e1ulica perto de mim","m\u00e1quina de pultrus\u00e3o hidr\u00e1ulica pre\u00e7o","m\u00e1quina de pultrus\u00e3o hidr\u00e1ulica pr\u00f3ximo a mim","m\u00e1quina de pultrus\u00e3o industrial comprar","m\u00e1quina de pultrus\u00e3o industrial direto da fabrica","m\u00e1quina de pultrus\u00e3o industrial em Cidade Martins","m\u00e1quina de pultrus\u00e3o industrial em Diadema","m\u00e1quina de pultrus\u00e3o industrial em Guarulhos","m\u00e1quina de pultrus\u00e3o industrial em Osasco","m\u00e1quina de pultrus\u00e3o industrial em Santo Andr\u00e9","m\u00e1quina de pultrus\u00e3o industrial em S\u00e3o Bernardo","m\u00e1quina de pultrus\u00e3o industrial em S\u00e3o Caetano","m\u00e1quina de pultrus\u00e3o industrial em s\u00e3o paulo","m\u00e1quina de pultrus\u00e3o industrial em sp","m\u00e1quina de pultrus\u00e3o industrial na baixada santista","m\u00e1quina de pultrus\u00e3o industrial na Vila Barros","m\u00e1quina de pultrus\u00e3o industrial na Vila Rio de Janeiro","m\u00e1quina de pultrus\u00e3o industrial na zona leste","m\u00e1quina de pultrus\u00e3o industrial na zona norte","m\u00e1quina de pultrus\u00e3o industrial na zona oeste","m\u00e1quina de pultrus\u00e3o industrial na zona sul","m\u00e1quina de pultrus\u00e3o industrial no ABC","m\u00e1quina de pultrus\u00e3o industrial no centro","m\u00e1quina de pultrus\u00e3o industrial no Jadim Bela Vista","m\u00e1quina de pultrus\u00e3o industrial no Jardim Adriana","m\u00e1quina de pultrus\u00e3o industrial no Jardim Santa Ines","m\u00e1quina de pultrus\u00e3o industrial no Tabo\u00e3o","m\u00e1quina de pultrus\u00e3o industrial onde encontrar","m\u00e1quina de pultrus\u00e3o industrial perto de mim","m\u00e1quina de pultrus\u00e3o industrial pre\u00e7o","m\u00e1quina de pultrus\u00e3o industrial pr\u00f3ximo a mim"],"articleSection":["M\u00e1quina de Pultrus\u00e3o"],"inLanguage":"pt-BR","potentialAction":[{"@type":"CommentAction","name":"Comment","target":["https:\/\/www.globalfermaquinas.com.br\/blog\/por-que-utilizar-perfis-estruturais-em-projetos-de-engenharia\/#respond"]}]},{"@type":"WebPage","@id":"https:\/\/www.globalfermaquinas.com.br\/blog\/por-que-utilizar-perfis-estruturais-em-projetos-de-engenharia\/","url":"https:\/\/www.globalfermaquinas.com.br\/blog\/por-que-utilizar-perfis-estruturais-em-projetos-de-engenharia\/","name":"Por que utilizar perfis estruturais em projetos de engenharia?","isPartOf":{"@id":"https:\/\/www.globalfermaquinas.com.br\/blog\/#website"},"primaryImageOfPage":{"@id":"https:\/\/www.globalfermaquinas.com.br\/blog\/por-que-utilizar-perfis-estruturais-em-projetos-de-engenharia\/#primaryimage"},"image":{"@id":"https:\/\/www.globalfermaquinas.com.br\/blog\/por-que-utilizar-perfis-estruturais-em-projetos-de-engenharia\/#primaryimage"},"thumbnailUrl":"https:\/\/www.globalfermaquinas.com.br\/blog\/wp-content\/uploads\/2025\/06\/1maquina-mph-15t.jpg","datePublished":"2026-01-19T19:23:04+00:00","dateModified":"2026-01-19T19:25:30+00:00","description":"Descubra por que os perfis estruturais em comp\u00f3sitos s\u00e3o a escolha ideal para engenharia de alto desempenho e conhe\u00e7a a tecnologia da Globalfer.","breadcrumb":{"@id":"https:\/\/www.globalfermaquinas.com.br\/blog\/por-que-utilizar-perfis-estruturais-em-projetos-de-engenharia\/#breadcrumb"},"inLanguage":"pt-BR","potentialAction":[{"@type":"ReadAction","target":["https:\/\/www.globalfermaquinas.com.br\/blog\/por-que-utilizar-perfis-estruturais-em-projetos-de-engenharia\/"]}]},{"@type":"ImageObject","inLanguage":"pt-BR","@id":"https:\/\/www.globalfermaquinas.com.br\/blog\/por-que-utilizar-perfis-estruturais-em-projetos-de-engenharia\/#primaryimage","url":"https:\/\/www.globalfermaquinas.com.br\/blog\/wp-content\/uploads\/2025\/06\/1maquina-mph-15t.jpg","contentUrl":"https:\/\/www.globalfermaquinas.com.br\/blog\/wp-content\/uploads\/2025\/06\/1maquina-mph-15t.jpg","width":1152,"height":890,"caption":"Por que utilizar perfis estruturais em projetos de engenharia?"},{"@type":"BreadcrumbList","@id":"https:\/\/www.globalfermaquinas.com.br\/blog\/por-que-utilizar-perfis-estruturais-em-projetos-de-engenharia\/#breadcrumb","itemListElement":[{"@type":"ListItem","position":1,"name":"In\u00edcio","item":"https:\/\/www.globalfermaquinas.com.br\/blog\/"},{"@type":"ListItem","position":2,"name":"Por que utilizar perfis estruturais em projetos de engenharia?"}]},{"@type":"WebSite","@id":"https:\/\/www.globalfermaquinas.com.br\/blog\/#website","url":"https:\/\/www.globalfermaquinas.com.br\/blog\/","name":"Blog Globalfer Maquinas","description":"Fabrica\u00e7\u00e3o de equipamentos industriais para pultrus\u00e3o","publisher":{"@id":"https:\/\/www.globalfermaquinas.com.br\/blog\/#organization"},"potentialAction":[{"@type":"SearchAction","target":{"@type":"EntryPoint","urlTemplate":"https:\/\/www.globalfermaquinas.com.br\/blog\/?s={search_term_string}"},"query-input":{"@type":"PropertyValueSpecification","valueRequired":true,"valueName":"search_term_string"}}],"inLanguage":"pt-BR"},{"@type":"Organization","@id":"https:\/\/www.globalfermaquinas.com.br\/blog\/#organization","name":"Blog Globalfer Maquinas","url":"https:\/\/www.globalfermaquinas.com.br\/blog\/","logo":{"@type":"ImageObject","inLanguage":"pt-BR","@id":"https:\/\/www.globalfermaquinas.com.br\/blog\/#\/schema\/logo\/image\/","url":"https:\/\/www.globalfermaquinas.com.br\/blog\/wp-content\/uploads\/2024\/07\/imagem_2024-07-30_123036437.png","contentUrl":"https:\/\/www.globalfermaquinas.com.br\/blog\/wp-content\/uploads\/2024\/07\/imagem_2024-07-30_123036437.png","width":301,"height":84,"caption":"Blog Globalfer Maquinas"},"image":{"@id":"https:\/\/www.globalfermaquinas.com.br\/blog\/#\/schema\/logo\/image\/"}},{"@type":"Person","@id":"https:\/\/www.globalfermaquinas.com.br\/blog\/#\/schema\/person\/4436a99459467d9244f09fe6ee1ed261","name":"admin","image":{"@type":"ImageObject","inLanguage":"pt-BR","@id":"https:\/\/www.globalfermaquinas.com.br\/blog\/#\/schema\/person\/image\/","url":"https:\/\/secure.gravatar.com\/avatar\/f3273dd18d95bc19d51d3e6356e4a679e6f13824497272a270e7bb540b0abb9d?s=96&d=mm&r=g","contentUrl":"https:\/\/secure.gravatar.com\/avatar\/f3273dd18d95bc19d51d3e6356e4a679e6f13824497272a270e7bb540b0abb9d?s=96&d=mm&r=g","caption":"admin"},"sameAs":["https:\/\/www.globalfermaquinas.com.br\/blog"],"url":"https:\/\/www.globalfermaquinas.com.br\/blog\/author\/admin\/"}]}},"_links":{"self":[{"href":"https:\/\/www.globalfermaquinas.com.br\/blog\/wp-json\/wp\/v2\/posts\/275","targetHints":{"allow":["GET"]}}],"collection":[{"href":"https:\/\/www.globalfermaquinas.com.br\/blog\/wp-json\/wp\/v2\/posts"}],"about":[{"href":"https:\/\/www.globalfermaquinas.com.br\/blog\/wp-json\/wp\/v2\/types\/post"}],"author":[{"embeddable":true,"href":"https:\/\/www.globalfermaquinas.com.br\/blog\/wp-json\/wp\/v2\/users\/1"}],"replies":[{"embeddable":true,"href":"https:\/\/www.globalfermaquinas.com.br\/blog\/wp-json\/wp\/v2\/comments?post=275"}],"version-history":[{"count":2,"href":"https:\/\/www.globalfermaquinas.com.br\/blog\/wp-json\/wp\/v2\/posts\/275\/revisions"}],"predecessor-version":[{"id":278,"href":"https:\/\/www.globalfermaquinas.com.br\/blog\/wp-json\/wp\/v2\/posts\/275\/revisions\/278"}],"wp:featuredmedia":[{"embeddable":true,"href":"https:\/\/www.globalfermaquinas.com.br\/blog\/wp-json\/wp\/v2\/media\/249"}],"wp:attachment":[{"href":"https:\/\/www.globalfermaquinas.com.br\/blog\/wp-json\/wp\/v2\/media?parent=275"}],"wp:term":[{"taxonomy":"category","embeddable":true,"href":"https:\/\/www.globalfermaquinas.com.br\/blog\/wp-json\/wp\/v2\/categories?post=275"},{"taxonomy":"post_tag","embeddable":true,"href":"https:\/\/www.globalfermaquinas.com.br\/blog\/wp-json\/wp\/v2\/tags?post=275"}],"curies":[{"name":"wp","href":"https:\/\/api.w.org\/{rel}","templated":true}]}}